{"id":93,"date":"2025-01-27T16:31:23","date_gmt":"2025-01-27T15:31:23","guid":{"rendered":"https:\/\/jpasc.fr\/?p=93"},"modified":"2025-01-27T16:35:10","modified_gmt":"2025-01-27T15:35:10","slug":"la-salle-des-icones-du-petit-palais","status":"publish","type":"post","link":"https:\/\/jpasc.fr\/index.php\/2025\/01\/27\/la-salle-des-icones-du-petit-palais\/","title":{"rendered":"La salle des ic\u00f4nes du Petit Palais"},"content":{"rendered":"<p>Le 18\/01\/2025<\/p>\n<p>Les expositions temporaires, comme l&#8217;actuelle exposition Ribera, attirent beaucoup de monde. Le Petit Palais est notamment bien connu pour ses expositions spectaculaires mais peu de gens le visitent pour ses collections tout aussi \u00e9tonnantes.<\/p>\n<p>Peu connue, pas assez visit\u00e9e, la salle des ic\u00f4nes du Petit palais d\u00e9voile une magnifique collection parfaitement pr\u00e9sent\u00e9e. Les ic\u00f4nes proviennent essentiellement du legs r\u00e9alis\u00e9 par Roger Cabal en 1998. Depuis 2018, avec la fondation Sisley-D&#8217;Ornano, le Petit Palais a renouvel\u00e9 la pr\u00e9sentation\u00a0 de cette exceptionnelle collection qui constitue le fonds public fran\u00e7ais d\u2019ic\u00f4nes grecques et russes allant du XVe au XIXe si\u00e8cle le plus important. Il faut noter l&#8217;attention p\u00e9dagogique port\u00e9e \u00e0 la pr\u00e9sentation : les \u0153uvres sont remises dans leur contexte g\u00e9ographique, historique, esth\u00e9tique et technique. La diversit\u00e9 et l&#8217;\u00e9tendue chronologique (du XV\u00e8me au XIX\u00e8me si\u00e8cles) de la pr\u00e9sentation offre un large point de vue sur la production des ic\u00f4nes.<\/p>\n<p>Enfin, la pr\u00e9sentation de l&#8217;ic\u00f4ne du Patriarcat maronite (chr\u00e9tiens orientaux catholiques rattach\u00e9s \u00e0 Rome au Moyen-\u00e2ge) permet \u00e0 la fois de red\u00e9couvrir une \u0153uvre majeure du XVI\u00e8me si\u00e8cle, et de mettre en exergue le travail scientifique et technique des ateliers de restauration et des partenaires r\u00e9unis autour\u00a0 de la restauration de l\u2019\u0153uvre (INP, INHA, C2RMF), mais de mesurer aussi l&#8217;engagement des m\u00e9c\u00e8nes priv\u00e9s et de ambassade du Liban.<\/p>\n<p>La pr\u00e9sentation de cette \u0153uvre est d&#8217;autant plus exceptionnelle qu&#8217;elle ne durera pas. L&#8217;ic\u00f4ne du Patriarcat maronite retournera au liban, le pays qui l&#8217;a vue na\u00eetre, apr\u00e8s son exposition au Petit-Palais.<\/p>\n","protected":false},"excerpt":{"rendered":"<p>Le 18\/01\/2025 Les expositions temporaires, comme l&#8217;actuelle exposition Ribera, attirent beaucoup de monde. Le Petit Palais est notamment bien connu pour ses expositions spectaculaires mais peu de gens le visitent pour ses collections tout aussi \u00e9tonnantes. Peu connue, pas assez visit\u00e9e, la salle des ic\u00f4nes du Petit palais d\u00e9voile une magnifique collection parfaitement pr\u00e9sent\u00e9e. Les &#8230; <a title=\"La salle des ic\u00f4nes du Petit Palais\" class=\"read-more\" href=\"https:\/\/jpasc.fr\/index.php\/2025\/01\/27\/la-salle-des-icones-du-petit-palais\/\" aria-label=\"Read more about La salle des ic\u00f4nes du Petit Palais\">Read more<\/a><\/p>\n","protected":false},"author":1,"featured_media":49,"comment_status":"open","ping_status":"open","sticky":false,"template":"","format":"standard","meta":{"footnotes":""},"categories":[3],"tags":[],"class_list":["post-93","post","type-post","status-publish","format-standard","has-post-thumbnail","hentry","category-av"],"yoast_head":"<!-- This site is optimized with the Yoast SEO plugin v27.5 - https:\/\/yoast.com\/product\/yoast-seo-wordpress\/ -->\n<title>La salle des ic\u00f4nes du Petit Palais - Jpasc.fr<\/title>\n<meta name=\"robots\" content=\"index, follow, max-snippet:-1, max-image-preview:large, max-video-preview:-1\" \/>\n<link rel=\"canonical\" href=\"https:\/\/jpasc.fr\/index.php\/2025\/01\/27\/la-salle-des-icones-du-petit-palais\/\" \/>\n<meta property=\"og:locale\" content=\"en_US\" \/>\n<meta property=\"og:type\" content=\"article\" \/>\n<meta property=\"og:title\" content=\"La salle des ic\u00f4nes du Petit Palais - Jpasc.fr\" \/>\n<meta property=\"og:description\" content=\"Le 18\/01\/2025 Les expositions temporaires, comme l&#8217;actuelle exposition Ribera, attirent beaucoup de monde. Le Petit Palais est notamment bien connu pour ses expositions spectaculaires mais peu de gens le visitent pour ses collections tout aussi \u00e9tonnantes. Peu connue, pas assez visit\u00e9e, la salle des ic\u00f4nes du Petit palais d\u00e9voile une magnifique collection parfaitement pr\u00e9sent\u00e9e. Les ... Read more\" \/>\n<meta property=\"og:url\" content=\"https:\/\/jpasc.fr\/index.php\/2025\/01\/27\/la-salle-des-icones-du-petit-palais\/\" \/>\n<meta property=\"og:site_name\" content=\"Jpasc.fr\" \/>\n<meta property=\"article:published_time\" content=\"2025-01-27T15:31:23+00:00\" \/>\n<meta property=\"article:modified_time\" content=\"2025-01-27T15:35:10+00:00\" \/>\n<meta property=\"og:image\" content=\"https:\/\/jpasc.fr\/wp-content\/uploads\/2025\/01\/20250118_125443-scaled.jpg\" \/>\n\t<meta property=\"og:image:width\" content=\"1920\" \/>\n\t<meta property=\"og:image:height\" content=\"2560\" \/>\n\t<meta property=\"og:image:type\" content=\"image\/jpeg\" \/>\n<meta name=\"author\" content=\"jpasc\" \/>\n<meta name=\"twitter:card\" content=\"summary_large_image\" \/>\n<meta name=\"twitter:label1\" content=\"Written by\" \/>\n\t<meta name=\"twitter:data1\" content=\"jpasc\" \/>\n\t<meta name=\"twitter:label2\" content=\"Est. reading time\" \/>\n\t<meta name=\"twitter:data2\" content=\"2 minutes\" \/>\n<script type=\"application\/ld+json\" class=\"yoast-schema-graph\">{\"@context\":\"https:\\\/\\\/schema.org\",\"@graph\":[{\"@type\":\"Article\",\"@id\":\"https:\\\/\\\/jpasc.fr\\\/index.php\\\/2025\\\/01\\\/27\\\/la-salle-des-icones-du-petit-palais\\\/#article\",\"isPartOf\":{\"@id\":\"https:\\\/\\\/jpasc.fr\\\/index.php\\\/2025\\\/01\\\/27\\\/la-salle-des-icones-du-petit-palais\\\/\"},\"author\":{\"name\":\"jpasc\",\"@id\":\"https:\\\/\\\/jpasc.fr\\\/#\\\/schema\\\/person\\\/b71ab9f3ab0fe88169291de2acacd404\"},\"headline\":\"La salle des ic\u00f4nes du Petit Palais\",\"datePublished\":\"2025-01-27T15:31:23+00:00\",\"dateModified\":\"2025-01-27T15:35:10+00:00\",\"mainEntityOfPage\":{\"@id\":\"https:\\\/\\\/jpasc.fr\\\/index.php\\\/2025\\\/01\\\/27\\\/la-salle-des-icones-du-petit-palais\\\/\"},\"wordCount\":298,\"commentCount\":0,\"publisher\":{\"@id\":\"https:\\\/\\\/jpasc.fr\\\/#organization\"},\"image\":{\"@id\":\"https:\\\/\\\/jpasc.fr\\\/index.php\\\/2025\\\/01\\\/27\\\/la-salle-des-icones-du-petit-palais\\\/#primaryimage\"},\"thumbnailUrl\":\"https:\\\/\\\/jpasc.fr\\\/wp-content\\\/uploads\\\/2025\\\/01\\\/20250118_125443-scaled.jpg\",\"articleSection\":[\"Arts visuels\"],\"inLanguage\":\"en-US\",\"potentialAction\":[{\"@type\":\"CommentAction\",\"name\":\"Comment\",\"target\":[\"https:\\\/\\\/jpasc.fr\\\/index.php\\\/2025\\\/01\\\/27\\\/la-salle-des-icones-du-petit-palais\\\/#respond\"]}]},{\"@type\":\"WebPage\",\"@id\":\"https:\\\/\\\/jpasc.fr\\\/index.php\\\/2025\\\/01\\\/27\\\/la-salle-des-icones-du-petit-palais\\\/\",\"url\":\"https:\\\/\\\/jpasc.fr\\\/index.php\\\/2025\\\/01\\\/27\\\/la-salle-des-icones-du-petit-palais\\\/\",\"name\":\"La salle des ic\u00f4nes du Petit Palais - Jpasc.fr\",\"isPartOf\":{\"@id\":\"https:\\\/\\\/jpasc.fr\\\/#website\"},\"primaryImageOfPage\":{\"@id\":\"https:\\\/\\\/jpasc.fr\\\/index.php\\\/2025\\\/01\\\/27\\\/la-salle-des-icones-du-petit-palais\\\/#primaryimage\"},\"image\":{\"@id\":\"https:\\\/\\\/jpasc.fr\\\/index.php\\\/2025\\\/01\\\/27\\\/la-salle-des-icones-du-petit-palais\\\/#primaryimage\"},\"thumbnailUrl\":\"https:\\\/\\\/jpasc.fr\\\/wp-content\\\/uploads\\\/2025\\\/01\\\/20250118_125443-scaled.jpg\",\"datePublished\":\"2025-01-27T15:31:23+00:00\",\"dateModified\":\"2025-01-27T15:35:10+00:00\",\"breadcrumb\":{\"@id\":\"https:\\\/\\\/jpasc.fr\\\/index.php\\\/2025\\\/01\\\/27\\\/la-salle-des-icones-du-petit-palais\\\/#breadcrumb\"},\"inLanguage\":\"en-US\",\"potentialAction\":[{\"@type\":\"ReadAction\",\"target\":[\"https:\\\/\\\/jpasc.fr\\\/index.php\\\/2025\\\/01\\\/27\\\/la-salle-des-icones-du-petit-palais\\\/\"]}]},{\"@type\":\"ImageObject\",\"inLanguage\":\"en-US\",\"@id\":\"https:\\\/\\\/jpasc.fr\\\/index.php\\\/2025\\\/01\\\/27\\\/la-salle-des-icones-du-petit-palais\\\/#primaryimage\",\"url\":\"https:\\\/\\\/jpasc.fr\\\/wp-content\\\/uploads\\\/2025\\\/01\\\/20250118_125443-scaled.jpg\",\"contentUrl\":\"https:\\\/\\\/jpasc.fr\\\/wp-content\\\/uploads\\\/2025\\\/01\\\/20250118_125443-scaled.jpg\",\"width\":1920,\"height\":2560,\"caption\":\"Cr\u00e8te, vers 1480-1500, La m\u00e8re de Dieu, tempera et or sur bois, Petit Palais photo de l'auteur\"},{\"@type\":\"BreadcrumbList\",\"@id\":\"https:\\\/\\\/jpasc.fr\\\/index.php\\\/2025\\\/01\\\/27\\\/la-salle-des-icones-du-petit-palais\\\/#breadcrumb\",\"itemListElement\":[{\"@type\":\"ListItem\",\"position\":1,\"name\":\"Accueil\",\"item\":\"https:\\\/\\\/jpasc.fr\\\/\"},{\"@type\":\"ListItem\",\"position\":2,\"name\":\"La salle des ic\u00f4nes du Petit Palais\"}]},{\"@type\":\"WebSite\",\"@id\":\"https:\\\/\\\/jpasc.fr\\\/#website\",\"url\":\"https:\\\/\\\/jpasc.fr\\\/\",\"name\":\"Jpasc.fr\",\"description\":\"La culture vivante\",\"publisher\":{\"@id\":\"https:\\\/\\\/jpasc.fr\\\/#organization\"},\"potentialAction\":[{\"@type\":\"SearchAction\",\"target\":{\"@type\":\"EntryPoint\",\"urlTemplate\":\"https:\\\/\\\/jpasc.fr\\\/?s={search_term_string}\"},\"query-input\":{\"@type\":\"PropertyValueSpecification\",\"valueRequired\":true,\"valueName\":\"search_term_string\"}}],\"inLanguage\":\"en-US\"},{\"@type\":\"Organization\",\"@id\":\"https:\\\/\\\/jpasc.fr\\\/#organization\",\"name\":\"Jpasc.fr\",\"url\":\"https:\\\/\\\/jpasc.fr\\\/\",\"logo\":{\"@type\":\"ImageObject\",\"inLanguage\":\"en-US\",\"@id\":\"https:\\\/\\\/jpasc.fr\\\/#\\\/schema\\\/logo\\\/image\\\/\",\"url\":\"https:\\\/\\\/jpasc.fr\\\/wp-content\\\/uploads\\\/2025\\\/01\\\/cropped-jpasc.fr3_.png\",\"contentUrl\":\"https:\\\/\\\/jpasc.fr\\\/wp-content\\\/uploads\\\/2025\\\/01\\\/cropped-jpasc.fr3_.png\",\"width\":201,\"height\":162,\"caption\":\"Jpasc.fr\"},\"image\":{\"@id\":\"https:\\\/\\\/jpasc.fr\\\/#\\\/schema\\\/logo\\\/image\\\/\"}},{\"@type\":\"Person\",\"@id\":\"https:\\\/\\\/jpasc.fr\\\/#\\\/schema\\\/person\\\/b71ab9f3ab0fe88169291de2acacd404\",\"name\":\"jpasc\",\"image\":{\"@type\":\"ImageObject\",\"inLanguage\":\"en-US\",\"@id\":\"https:\\\/\\\/secure.gravatar.com\\\/avatar\\\/3e0392517a8e6eab52dffd6bc576b085ad0f612274985b31d350394db20c4098?s=96&d=mm&r=g\",\"url\":\"https:\\\/\\\/secure.gravatar.com\\\/avatar\\\/3e0392517a8e6eab52dffd6bc576b085ad0f612274985b31d350394db20c4098?s=96&d=mm&r=g\",\"contentUrl\":\"https:\\\/\\\/secure.gravatar.com\\\/avatar\\\/3e0392517a8e6eab52dffd6bc576b085ad0f612274985b31d350394db20c4098?s=96&d=mm&r=g\",\"caption\":\"jpasc\"},\"sameAs\":[\"https:\\\/\\\/jpasc.fr\"],\"url\":\"https:\\\/\\\/jpasc.fr\\\/index.php\\\/author\\\/jpasc\\\/\"}]}<\/script>\n<!-- \/ Yoast SEO plugin. -->","yoast_head_json":{"title":"La salle des ic\u00f4nes du Petit Palais - Jpasc.fr","robots":{"index":"index","follow":"follow","max-snippet":"max-snippet:-1","max-image-preview":"max-image-preview:large","max-video-preview":"max-video-preview:-1"},"canonical":"https:\/\/jpasc.fr\/index.php\/2025\/01\/27\/la-salle-des-icones-du-petit-palais\/","og_locale":"en_US","og_type":"article","og_title":"La salle des ic\u00f4nes du Petit Palais - Jpasc.fr","og_description":"Le 18\/01\/2025 Les expositions temporaires, comme l&#8217;actuelle exposition Ribera, attirent beaucoup de monde. Le Petit Palais est notamment bien connu pour ses expositions spectaculaires mais peu de gens le visitent pour ses collections tout aussi \u00e9tonnantes. Peu connue, pas assez visit\u00e9e, la salle des ic\u00f4nes du Petit palais d\u00e9voile une magnifique collection parfaitement pr\u00e9sent\u00e9e. Les ... Read more","og_url":"https:\/\/jpasc.fr\/index.php\/2025\/01\/27\/la-salle-des-icones-du-petit-palais\/","og_site_name":"Jpasc.fr","article_published_time":"2025-01-27T15:31:23+00:00","article_modified_time":"2025-01-27T15:35:10+00:00","og_image":[{"width":1920,"height":2560,"url":"https:\/\/jpasc.fr\/wp-content\/uploads\/2025\/01\/20250118_125443-scaled.jpg","type":"image\/jpeg"}],"author":"jpasc","twitter_card":"summary_large_image","twitter_misc":{"Written by":"jpasc","Est. reading time":"2 minutes"},"schema":{"@context":"https:\/\/schema.org","@graph":[{"@type":"Article","@id":"https:\/\/jpasc.fr\/index.php\/2025\/01\/27\/la-salle-des-icones-du-petit-palais\/#article","isPartOf":{"@id":"https:\/\/jpasc.fr\/index.php\/2025\/01\/27\/la-salle-des-icones-du-petit-palais\/"},"author":{"name":"jpasc","@id":"https:\/\/jpasc.fr\/#\/schema\/person\/b71ab9f3ab0fe88169291de2acacd404"},"headline":"La salle des ic\u00f4nes du Petit Palais","datePublished":"2025-01-27T15:31:23+00:00","dateModified":"2025-01-27T15:35:10+00:00","mainEntityOfPage":{"@id":"https:\/\/jpasc.fr\/index.php\/2025\/01\/27\/la-salle-des-icones-du-petit-palais\/"},"wordCount":298,"commentCount":0,"publisher":{"@id":"https:\/\/jpasc.fr\/#organization"},"image":{"@id":"https:\/\/jpasc.fr\/index.php\/2025\/01\/27\/la-salle-des-icones-du-petit-palais\/#primaryimage"},"thumbnailUrl":"https:\/\/jpasc.fr\/wp-content\/uploads\/2025\/01\/20250118_125443-scaled.jpg","articleSection":["Arts visuels"],"inLanguage":"en-US","potentialAction":[{"@type":"CommentAction","name":"Comment","target":["https:\/\/jpasc.fr\/index.php\/2025\/01\/27\/la-salle-des-icones-du-petit-palais\/#respond"]}]},{"@type":"WebPage","@id":"https:\/\/jpasc.fr\/index.php\/2025\/01\/27\/la-salle-des-icones-du-petit-palais\/","url":"https:\/\/jpasc.fr\/index.php\/2025\/01\/27\/la-salle-des-icones-du-petit-palais\/","name":"La salle des ic\u00f4nes du Petit Palais - Jpasc.fr","isPartOf":{"@id":"https:\/\/jpasc.fr\/#website"},"primaryImageOfPage":{"@id":"https:\/\/jpasc.fr\/index.php\/2025\/01\/27\/la-salle-des-icones-du-petit-palais\/#primaryimage"},"image":{"@id":"https:\/\/jpasc.fr\/index.php\/2025\/01\/27\/la-salle-des-icones-du-petit-palais\/#primaryimage"},"thumbnailUrl":"https:\/\/jpasc.fr\/wp-content\/uploads\/2025\/01\/20250118_125443-scaled.jpg","datePublished":"2025-01-27T15:31:23+00:00","dateModified":"2025-01-27T15:35:10+00:00","breadcrumb":{"@id":"https:\/\/jpasc.fr\/index.php\/2025\/01\/27\/la-salle-des-icones-du-petit-palais\/#breadcrumb"},"inLanguage":"en-US","potentialAction":[{"@type":"ReadAction","target":["https:\/\/jpasc.fr\/index.php\/2025\/01\/27\/la-salle-des-icones-du-petit-palais\/"]}]},{"@type":"ImageObject","inLanguage":"en-US","@id":"https:\/\/jpasc.fr\/index.php\/2025\/01\/27\/la-salle-des-icones-du-petit-palais\/#primaryimage","url":"https:\/\/jpasc.fr\/wp-content\/uploads\/2025\/01\/20250118_125443-scaled.jpg","contentUrl":"https:\/\/jpasc.fr\/wp-content\/uploads\/2025\/01\/20250118_125443-scaled.jpg","width":1920,"height":2560,"caption":"Cr\u00e8te, vers 1480-1500, La m\u00e8re de Dieu, tempera et or sur bois, Petit Palais photo de l'auteur"},{"@type":"BreadcrumbList","@id":"https:\/\/jpasc.fr\/index.php\/2025\/01\/27\/la-salle-des-icones-du-petit-palais\/#breadcrumb","itemListElement":[{"@type":"ListItem","position":1,"name":"Accueil","item":"https:\/\/jpasc.fr\/"},{"@type":"ListItem","position":2,"name":"La salle des ic\u00f4nes du Petit Palais"}]},{"@type":"WebSite","@id":"https:\/\/jpasc.fr\/#website","url":"https:\/\/jpasc.fr\/","name":"Jpasc.fr","description":"La culture vivante","publisher":{"@id":"https:\/\/jpasc.fr\/#organization"},"potentialAction":[{"@type":"SearchAction","target":{"@type":"EntryPoint","urlTemplate":"https:\/\/jpasc.fr\/?s={search_term_string}"},"query-input":{"@type":"PropertyValueSpecification","valueRequired":true,"valueName":"search_term_string"}}],"inLanguage":"en-US"},{"@type":"Organization","@id":"https:\/\/jpasc.fr\/#organization","name":"Jpasc.fr","url":"https:\/\/jpasc.fr\/","logo":{"@type":"ImageObject","inLanguage":"en-US","@id":"https:\/\/jpasc.fr\/#\/schema\/logo\/image\/","url":"https:\/\/jpasc.fr\/wp-content\/uploads\/2025\/01\/cropped-jpasc.fr3_.png","contentUrl":"https:\/\/jpasc.fr\/wp-content\/uploads\/2025\/01\/cropped-jpasc.fr3_.png","width":201,"height":162,"caption":"Jpasc.fr"},"image":{"@id":"https:\/\/jpasc.fr\/#\/schema\/logo\/image\/"}},{"@type":"Person","@id":"https:\/\/jpasc.fr\/#\/schema\/person\/b71ab9f3ab0fe88169291de2acacd404","name":"jpasc","image":{"@type":"ImageObject","inLanguage":"en-US","@id":"https:\/\/secure.gravatar.com\/avatar\/3e0392517a8e6eab52dffd6bc576b085ad0f612274985b31d350394db20c4098?s=96&d=mm&r=g","url":"https:\/\/secure.gravatar.com\/avatar\/3e0392517a8e6eab52dffd6bc576b085ad0f612274985b31d350394db20c4098?s=96&d=mm&r=g","contentUrl":"https:\/\/secure.gravatar.com\/avatar\/3e0392517a8e6eab52dffd6bc576b085ad0f612274985b31d350394db20c4098?s=96&d=mm&r=g","caption":"jpasc"},"sameAs":["https:\/\/jpasc.fr"],"url":"https:\/\/jpasc.fr\/index.php\/author\/jpasc\/"}]}},"_links":{"self":[{"href":"https:\/\/jpasc.fr\/index.php\/wp-json\/wp\/v2\/posts\/93","targetHints":{"allow":["GET"]}}],"collection":[{"href":"https:\/\/jpasc.fr\/index.php\/wp-json\/wp\/v2\/posts"}],"about":[{"href":"https:\/\/jpasc.fr\/index.php\/wp-json\/wp\/v2\/types\/post"}],"author":[{"embeddable":true,"href":"https:\/\/jpasc.fr\/index.php\/wp-json\/wp\/v2\/users\/1"}],"replies":[{"embeddable":true,"href":"https:\/\/jpasc.fr\/index.php\/wp-json\/wp\/v2\/comments?post=93"}],"version-history":[{"count":2,"href":"https:\/\/jpasc.fr\/index.php\/wp-json\/wp\/v2\/posts\/93\/revisions"}],"predecessor-version":[{"id":95,"href":"https:\/\/jpasc.fr\/index.php\/wp-json\/wp\/v2\/posts\/93\/revisions\/95"}],"wp:featuredmedia":[{"embeddable":true,"href":"https:\/\/jpasc.fr\/index.php\/wp-json\/wp\/v2\/media\/49"}],"wp:attachment":[{"href":"https:\/\/jpasc.fr\/index.php\/wp-json\/wp\/v2\/media?parent=93"}],"wp:term":[{"taxonomy":"category","embeddable":true,"href":"https:\/\/jpasc.fr\/index.php\/wp-json\/wp\/v2\/categories?post=93"},{"taxonomy":"post_tag","embeddable":true,"href":"https:\/\/jpasc.fr\/index.php\/wp-json\/wp\/v2\/tags?post=93"}],"curies":[{"name":"wp","href":"https:\/\/api.w.org\/{rel}","templated":true}]}}